{"id":223,"date":"2020-04-07T08:46:33","date_gmt":"2020-04-07T12:46:33","guid":{"rendered":"https:\/\/www.solutiondair.com\/?p=223"},"modified":"2024-01-02T10:35:21","modified_gmt":"2024-01-02T15:35:21","slug":"coronavirus-existe-t-il-un-lien-entre-la-qualite-de-lair-et-les-virus-respiratoires","status":"publish","type":"post","link":"https:\/\/www.solutiondair.com\/fr\/coronavirus-existe-t-il-un-lien-entre-la-qualite-de-lair-et-les-virus-respiratoires\/","title":{"rendered":"Coronavirus\u202f: existe-t-il un lien entre la qualit\u00e9 de l\u2019air et les virus respiratoires\u2009?"},"content":{"rendered":"<p>Les populations du monde entier n\u2019ont gu\u00e8re d\u2019autres pr\u00e9occupations en ce moment que la pand\u00e9mie de COVID-19, et la menace qu\u2019elle repr\u00e9sente pour la sant\u00e9 des personnes de tous \u00e2ges et de tous milieux. On peut facilement se sentir impuissant et \u00e0 la merci des strat\u00e9gies et des tactiques mises en place par nos gouvernements et des responsables locaux de la sant\u00e9, mais que ferions-nous si nous avions les moyens de maintenir davantage nos foyers en bonne sant\u00e9\u2009?<\/p>\n<p>Un r\u00e9cent article du HuffPost <a href=\"https:\/\/www.huffingtonpost.fr\/entry\/la-ou-lair-est-pollue-vous-avez-plus-de-chances-dattraper-le-coronavirus_fr_5e6a525ec5b6747ef1189ff1\" target=\"_blank\" rel=\"noopener noreferrer\">\u00ab\u2009Vous avez plus de chances d\u2019attraper le coronavirus l\u00e0 o\u00f9 l\u2019air est pollu\u00e9\u2009\u00bb<\/a> r\u00e9sume de nombreuses \u00e9tudes et conclusions qui montrent que d\u2019autres pand\u00e9mies, dont la grippe espagnole de 1918 et l\u2019\u00e9pid\u00e9mie de SRAS de 2002, ont \u00e9t\u00e9 aggrav\u00e9es dans certaines r\u00e9gions du monde en raison de l\u2019augmentation de la pollution atmosph\u00e9rique. Il fait \u00e9galement r\u00e9f\u00e9rence \u00e0 une \u00e9tude men\u00e9e en Italie qui sugg\u00e8re qu\u2019il existe une relation directe \u00ab\u2009entre les concentrations a\u00e9riennes des polluants et l\u2019incidence des infections virales lors des alertes de pollution\u2009\u00bb.<\/p>\n<p>Pendant que nous pratiquons la distanciation sociale et que nous restons \u00e0 la maison, nous pouvons avoir l\u2019impression d\u2019\u00eatre pi\u00e9g\u00e9s dans l\u2019air qui nous entoure, craignant les gouttelettes de virus qu\u2019il pourrait contenir. Notre \u00e9quipe d\u2019experts veut rappeler \u00e0 nos clients et \u00e0 nos lecteurs que les propri\u00e9taires ont la possibilit\u00e9 de contr\u00f4ler la qualit\u00e9 de l\u2019air int\u00e9rieur, et que prendre des mesures pour l\u2019am\u00e9liorer dans nos maisons peut nous aider \u00e0 renforcer notre protection contre le coronavirus, qui se propage rapidement.<\/p>\n<p>Faisons le point sur nos connaissances en sant\u00e9 respiratoire et qualit\u00e9 de l\u2019air int\u00e9rieur.<\/p>\n<p>Un air int\u00e9rieur de mauvaise qualit\u00e9 est pr\u00e9judiciable \u00e0 tous et peut avoir des effets durables sur la sant\u00e9 des plus fragiles. <a href=\"https:\/\/pq.poumon.ca\/?gclid=EAIaIQobChMIpODRpavW6AIVFI_ICh1O-AF0EAAYASAAEgJbM_D_BwE\" target=\"_blank\" rel=\"noopener noreferrer\">L\u2019Association pulmonaire canadienne<\/a> souligne que \u00ab\u2009Les personnes qui ont l\u2019asthme, des allergies ou une maladie pulmonaire peuvent \u00eatre grandement affect\u00e9es.<\/p>\n<p>Une mauvaise qualit\u00e9 de l\u2019air int\u00e9rieur peut \u00e9galement affecter le d\u00e9veloppement de l\u2019enfant, en plus d\u2019\u00eatre associ\u00e9e \u00e0 la maladie pulmonaire \u00e0 un \u00e2ge plus avanc\u00e9.\u2009\u00bb.<\/p>\n<p>Comment\u2009? La pollution joue un r\u00f4le majeur dans la propagation des virus en affaiblissant nos voies respiratoires, et en nous privant de la protection naturelle que ces voies sont cens\u00e9es nous offrir. Les particules atmosph\u00e9riques nocives affaiblissent \u00e9galement notre syst\u00e8me immunitaire en provoquant des r\u00e9actions inflammatoires. Il est m\u00eame admis que les polluants chimiques peuvent modifier la structure des virus eux-m\u00eames, et leur permettre de p\u00e9n\u00e9trer plus facilement dans les muqueuses et de se multiplier. Oui, \u00e7a fait peur.<\/p>\n<p>Les sympt\u00f4mes courants d\u2019une exposition \u00e0 un air int\u00e9rieur de mauvaise qualit\u00e9 sont les suivants\u202f:<\/p>\n<ul>\n<li>Maux de t\u00eate, fatigue et essoufflement<\/li>\n<li>Aggravation des sympt\u00f4mes d\u2019allergie et d\u2019asthme<\/li>\n<li>Congestion des sinus, toux et \u00e9ternuements<\/li>\n<li>Irritation des yeux, du nez, de la gorge et de la peau<\/li>\n<li>Vertiges et naus\u00e9es<\/li>\n<\/ul>\n<p>Compte tenu de ce que nous savons sur le coronavirus et la mani\u00e8re dont il affecte les gens, nous ne voulons absolument pas ajouter aux sympt\u00f4mes connus, les probl\u00e8mes de sant\u00e9 mentionn\u00e9s ci-dessus. Comme les moisissures et l\u2019humidit\u00e9 \u00e9lev\u00e9e dans les maisons sont aussi les principaux responsables de la mauvaise qualit\u00e9 de l\u2019air int\u00e9rieur, nous pouvons conclure sans risque que prendre des mesures pour am\u00e9liorer la qualit\u00e9 de l\u2019air int\u00e9rieur peut nous aider \u00e0 rester plus forts et \u00e0 mieux nous pr\u00e9parer \u00e0 combattre le coronavirus si nous y sommes expos\u00e9s.<\/p>\n<p>La qualit\u00e9 de l\u2019air joue un r\u00f4le crucial dans la propagation des virus et nous n\u2019avons aucune raison de croire que le coronavirus agit diff\u00e9remment.<\/p>\n<p>Am\u00e9liorer la qualit\u00e9 de l\u2019air int\u00e9rieur est un autre moyen de combattre le virus dans nos propres maisons.<\/p>\n<p>Alors, que pouvons-nous faire\u2009?<\/p>\n<p>Comme nous l\u2019avons expliqu\u00e9 dans notre article \u00ab\u2009<a href=\"https:\/\/www.solutiondair.com\/fr\/qualite-de-lair-interieur-limportance-de-nettoyer-ses-conduits-regulierement\/\">Qualit\u00e9 de l\u2019air int\u00e9rieur\u202f: l\u2019importance de nettoyer ses conduits r\u00e9guli\u00e8rement<\/a>\u2009\u00bb, les particules en suspension dans l\u2019air, notamment les squames, les cheveux, les poils d\u2019animaux domestiques, les micro-organismes de liti\u00e8re pour chats (toxoplasmose), le pollen, les moisissures, les champignons et m\u00eame les excr\u00e9ments de rongeurs, s\u2019accumulent dans votre syst\u00e8me CVC.<\/p>\n<p>Combin\u00e9s \u00e0 l\u2019humidit\u00e9, vos conduits deviennent \u00ab\u2009le terrain de reproduction parfait pour les bact\u00e9ries, les moisissures, les acariens et les allerg\u00e8nes\u2009\u00bb. Si vous ne pouvez pas faire nettoyer vos conduits rapidement, nous vous recommandons au moins d\u2019enlever vos registres de plancher, de retirer \u00e0 la main la plus grande partie du conduit que vous pouvez atteindre en toute s\u00e9curit\u00e9, et de changer le filtre de votre fournaise.<\/p>\n<p>En plus du nettoyage de vos conduits et filtres \u00e0 air, nous vous proposons <a href=\"https:\/\/www.solutiondair.com\/fr\/10-facons-simples-dassurer-la-qualite-dair-de-votre-domicile\/\">\u00ab\u200910\u202ffa\u00e7ons simples d\u2019assurer la qualit\u00e9 d\u2019air de votre domicile\u2009\u00bb<\/a>. Prenez-en connaissance et commencez d\u00e8s aujourd\u2019hui \u00e0 lutter contre le coronavirus gr\u00e2ce \u00e0 ces protections suppl\u00e9mentaires que nous vous proposons pour votre maison.<\/p>\n<p>Remarque\u202f: les informations contenues dans cet article de blogue sont uniquement destin\u00e9es \u00e0 servir de r\u00e9f\u00e9rence, et ne doivent jamais remplacer les conseils donn\u00e9s par un m\u00e9decin ou les instructions de vos autorit\u00e9s sanitaires locales lorsqu\u2019il est question de la COVID-19.<\/p>\n","protected":false},"excerpt":{"rendered":"<p>Les populations du monde entier n\u2019ont gu\u00e8re d\u2019autres pr\u00e9occupations en ce moment que la pand\u00e9mie de COVID-19, et la menace qu\u2019elle repr\u00e9sente pour la sant\u00e9 des personnes de tous \u00e2ges et de tous milieux. On peut facilement se sentir impuissant et \u00e0 la merci des strat\u00e9gies et des tactiques mises en place par nos gouvernements [&hellip;]<\/p>\n","protected":false},"author":1,"featured_media":59,"comment_status":"closed","ping_status":"open","sticky":false,"template":"","format":"standard","meta":{"footnotes":""},"categories":[1],"tags":[],"class_list":["post-223","post","type-post","status-publish","format-standard","has-post-thumbnail","hentry","category-non-classifiee"],"yoast_head":"<!-- This site is optimized with the Yoast SEO plugin v26.1.1 - https:\/\/yoast.com\/wordpress\/plugins\/seo\/ -->\n<title>Coronavirus\u202f: existe-t-il un lien entre la qualit\u00e9 de l\u2019air et les virus respiratoires\u2009? - Solution D&#039;air<\/title>\n<meta name=\"robots\" content=\"index, follow, max-snippet:-1, max-image-preview:large, max-video-preview:-1\" \/>\n<link rel=\"canonical\" href=\"https:\/\/www.solutiondair.com\/fr\/coronavirus-existe-t-il-un-lien-entre-la-qualite-de-lair-et-les-virus-respiratoires\/\" \/>\n<meta property=\"og:locale\" content=\"fr_FR\" \/>\n<meta property=\"og:type\" content=\"article\" \/>\n<meta property=\"og:title\" content=\"Coronavirus\u202f: existe-t-il un lien entre la qualit\u00e9 de l\u2019air et les virus respiratoires\u2009? - Solution D&#039;air\" \/>\n<meta property=\"og:description\" content=\"Les populations du monde entier n\u2019ont gu\u00e8re d\u2019autres pr\u00e9occupations en ce moment que la pand\u00e9mie de COVID-19, et la menace qu\u2019elle repr\u00e9sente pour la sant\u00e9 des personnes de tous \u00e2ges et de tous milieux. On peut facilement se sentir impuissant et \u00e0 la merci des strat\u00e9gies et des tactiques mises en place par nos gouvernements [&hellip;]\" \/>\n<meta property=\"og:url\" content=\"https:\/\/www.solutiondair.com\/fr\/coronavirus-existe-t-il-un-lien-entre-la-qualite-de-lair-et-les-virus-respiratoires\/\" \/>\n<meta property=\"og:site_name\" content=\"Solution D&#039;air\" \/>\n<meta property=\"article:published_time\" content=\"2020-04-07T12:46:33+00:00\" \/>\n<meta property=\"article:modified_time\" content=\"2024-01-02T15:35:21+00:00\" \/>\n<meta property=\"og:image\" content=\"https:\/\/www.solutiondair.com\/wp-content\/uploads\/2019\/08\/duct-avant-apres-img.jpg\" \/>\n\t<meta property=\"og:image:width\" content=\"415\" \/>\n\t<meta property=\"og:image:height\" content=\"438\" \/>\n\t<meta property=\"og:image:type\" content=\"image\/jpeg\" \/>\n<meta name=\"author\" content=\"admin\" \/>\n<meta name=\"twitter:card\" content=\"summary_large_image\" \/>\n<meta name=\"twitter:label1\" content=\"\u00c9crit par\" \/>\n\t<meta name=\"twitter:data1\" content=\"admin\" \/>\n\t<meta name=\"twitter:label2\" content=\"Dur\u00e9e de lecture estim\u00e9e\" \/>\n\t<meta name=\"twitter:data2\" content=\"5 minutes\" \/>\n<script type=\"application\/ld+json\" class=\"yoast-schema-graph\">{\"@context\":\"https:\/\/schema.org\",\"@graph\":[{\"@type\":\"Article\",\"@id\":\"https:\/\/www.solutiondair.com\/fr\/coronavirus-existe-t-il-un-lien-entre-la-qualite-de-lair-et-les-virus-respiratoires\/#article\",\"isPartOf\":{\"@id\":\"https:\/\/www.solutiondair.com\/fr\/coronavirus-existe-t-il-un-lien-entre-la-qualite-de-lair-et-les-virus-respiratoires\/\"},\"author\":{\"name\":\"admin\",\"@id\":\"https:\/\/www.solutiondair.com\/fr\/#\/schema\/person\/2b72cf51f05e0495ac32372ecd6b27ba\"},\"headline\":\"Coronavirus\u202f: existe-t-il un lien entre la qualit\u00e9 de l\u2019air et les virus respiratoires\u2009?\",\"datePublished\":\"2020-04-07T12:46:33+00:00\",\"dateModified\":\"2024-01-02T15:35:21+00:00\",\"mainEntityOfPage\":{\"@id\":\"https:\/\/www.solutiondair.com\/fr\/coronavirus-existe-t-il-un-lien-entre-la-qualite-de-lair-et-les-virus-respiratoires\/\"},\"wordCount\":923,\"publisher\":{\"@id\":\"https:\/\/www.solutiondair.com\/fr\/#organization\"},\"image\":{\"@id\":\"https:\/\/www.solutiondair.com\/fr\/coronavirus-existe-t-il-un-lien-entre-la-qualite-de-lair-et-les-virus-respiratoires\/#primaryimage\"},\"thumbnailUrl\":\"https:\/\/www.solutiondair.com\/wp-content\/uploads\/2019\/08\/duct-avant-apres-img.jpg\",\"articleSection\":[\"Non classifi\u00e9(e)\"],\"inLanguage\":\"fr-FR\"},{\"@type\":\"WebPage\",\"@id\":\"https:\/\/www.solutiondair.com\/fr\/coronavirus-existe-t-il-un-lien-entre-la-qualite-de-lair-et-les-virus-respiratoires\/\",\"url\":\"https:\/\/www.solutiondair.com\/fr\/coronavirus-existe-t-il-un-lien-entre-la-qualite-de-lair-et-les-virus-respiratoires\/\",\"name\":\"Coronavirus\u202f: existe-t-il un lien entre la qualit\u00e9 de l\u2019air et les virus respiratoires\u2009? - Solution D&#039;air\",\"isPartOf\":{\"@id\":\"https:\/\/www.solutiondair.com\/fr\/#website\"},\"primaryImageOfPage\":{\"@id\":\"https:\/\/www.solutiondair.com\/fr\/coronavirus-existe-t-il-un-lien-entre-la-qualite-de-lair-et-les-virus-respiratoires\/#primaryimage\"},\"image\":{\"@id\":\"https:\/\/www.solutiondair.com\/fr\/coronavirus-existe-t-il-un-lien-entre-la-qualite-de-lair-et-les-virus-respiratoires\/#primaryimage\"},\"thumbnailUrl\":\"https:\/\/www.solutiondair.com\/wp-content\/uploads\/2019\/08\/duct-avant-apres-img.jpg\",\"datePublished\":\"2020-04-07T12:46:33+00:00\",\"dateModified\":\"2024-01-02T15:35:21+00:00\",\"breadcrumb\":{\"@id\":\"https:\/\/www.solutiondair.com\/fr\/coronavirus-existe-t-il-un-lien-entre-la-qualite-de-lair-et-les-virus-respiratoires\/#breadcrumb\"},\"inLanguage\":\"fr-FR\",\"potentialAction\":[{\"@type\":\"ReadAction\",\"target\":[\"https:\/\/www.solutiondair.com\/fr\/coronavirus-existe-t-il-un-lien-entre-la-qualite-de-lair-et-les-virus-respiratoires\/\"]}]},{\"@type\":\"ImageObject\",\"inLanguage\":\"fr-FR\",\"@id\":\"https:\/\/www.solutiondair.com\/fr\/coronavirus-existe-t-il-un-lien-entre-la-qualite-de-lair-et-les-virus-respiratoires\/#primaryimage\",\"url\":\"https:\/\/www.solutiondair.com\/wp-content\/uploads\/2019\/08\/duct-avant-apres-img.jpg\",\"contentUrl\":\"https:\/\/www.solutiondair.com\/wp-content\/uploads\/2019\/08\/duct-avant-apres-img.jpg\",\"width\":415,\"height\":438,\"caption\":\"Coronavirus\u202f: existe-t-il un lien entre la qualit\u00e9 de l\u2019air et les virus respiratoires\u2009?\"},{\"@type\":\"BreadcrumbList\",\"@id\":\"https:\/\/www.solutiondair.com\/fr\/coronavirus-existe-t-il-un-lien-entre-la-qualite-de-lair-et-les-virus-respiratoires\/#breadcrumb\",\"itemListElement\":[{\"@type\":\"ListItem\",\"position\":1,\"name\":\"Home\",\"item\":\"https:\/\/www.solutiondair.com\/fr\/\"},{\"@type\":\"ListItem\",\"position\":2,\"name\":\"Coronavirus\u202f: existe-t-il un lien entre la qualit\u00e9 de l\u2019air et les virus respiratoires\u2009?\"}]},{\"@type\":\"WebSite\",\"@id\":\"https:\/\/www.solutiondair.com\/fr\/#website\",\"url\":\"https:\/\/www.solutiondair.com\/fr\/\",\"name\":\"Solution D&#039;air\",\"description\":\"\",\"publisher\":{\"@id\":\"https:\/\/www.solutiondair.com\/fr\/#organization\"},\"potentialAction\":[{\"@type\":\"SearchAction\",\"target\":{\"@type\":\"EntryPoint\",\"urlTemplate\":\"https:\/\/www.solutiondair.com\/fr\/?s={search_term_string}\"},\"query-input\":{\"@type\":\"PropertyValueSpecification\",\"valueRequired\":true,\"valueName\":\"search_term_string\"}}],\"inLanguage\":\"fr-FR\"},{\"@type\":\"Organization\",\"@id\":\"https:\/\/www.solutiondair.com\/fr\/#organization\",\"name\":\"Solution D&#039;air\",\"url\":\"https:\/\/www.solutiondair.com\/fr\/\",\"logo\":{\"@type\":\"ImageObject\",\"inLanguage\":\"fr-FR\",\"@id\":\"https:\/\/www.solutiondair.com\/fr\/#\/schema\/logo\/image\/\",\"url\":\"https:\/\/www.solutiondair.com\/wp-content\/uploads\/2019\/08\/logo.png\",\"contentUrl\":\"https:\/\/www.solutiondair.com\/wp-content\/uploads\/2019\/08\/logo.png\",\"width\":326,\"height\":130,\"caption\":\"Solution D&#039;air\"},\"image\":{\"@id\":\"https:\/\/www.solutiondair.com\/fr\/#\/schema\/logo\/image\/\"}},{\"@type\":\"Person\",\"@id\":\"https:\/\/www.solutiondair.com\/fr\/#\/schema\/person\/2b72cf51f05e0495ac32372ecd6b27ba\",\"name\":\"admin\",\"url\":\"https:\/\/www.solutiondair.com\/fr\/author\/yweb_admin\/\"}]}<\/script>\n<!-- \/ Yoast SEO plugin. -->","yoast_head_json":{"title":"Coronavirus\u202f: existe-t-il un lien entre la qualit\u00e9 de l\u2019air et les virus respiratoires\u2009? - Solution D&#039;air","robots":{"index":"index","follow":"follow","max-snippet":"max-snippet:-1","max-image-preview":"max-image-preview:large","max-video-preview":"max-video-preview:-1"},"canonical":"https:\/\/www.solutiondair.com\/fr\/coronavirus-existe-t-il-un-lien-entre-la-qualite-de-lair-et-les-virus-respiratoires\/","og_locale":"fr_FR","og_type":"article","og_title":"Coronavirus\u202f: existe-t-il un lien entre la qualit\u00e9 de l\u2019air et les virus respiratoires\u2009? - Solution D&#039;air","og_description":"Les populations du monde entier n\u2019ont gu\u00e8re d\u2019autres pr\u00e9occupations en ce moment que la pand\u00e9mie de COVID-19, et la menace qu\u2019elle repr\u00e9sente pour la sant\u00e9 des personnes de tous \u00e2ges et de tous milieux. On peut facilement se sentir impuissant et \u00e0 la merci des strat\u00e9gies et des tactiques mises en place par nos gouvernements [&hellip;]","og_url":"https:\/\/www.solutiondair.com\/fr\/coronavirus-existe-t-il-un-lien-entre-la-qualite-de-lair-et-les-virus-respiratoires\/","og_site_name":"Solution D&#039;air","article_published_time":"2020-04-07T12:46:33+00:00","article_modified_time":"2024-01-02T15:35:21+00:00","og_image":[{"width":415,"height":438,"url":"https:\/\/www.solutiondair.com\/wp-content\/uploads\/2019\/08\/duct-avant-apres-img.jpg","type":"image\/jpeg"}],"author":"admin","twitter_card":"summary_large_image","twitter_misc":{"\u00c9crit par":"admin","Dur\u00e9e de lecture estim\u00e9e":"5 minutes"},"schema":{"@context":"https:\/\/schema.org","@graph":[{"@type":"Article","@id":"https:\/\/www.solutiondair.com\/fr\/coronavirus-existe-t-il-un-lien-entre-la-qualite-de-lair-et-les-virus-respiratoires\/#article","isPartOf":{"@id":"https:\/\/www.solutiondair.com\/fr\/coronavirus-existe-t-il-un-lien-entre-la-qualite-de-lair-et-les-virus-respiratoires\/"},"author":{"name":"admin","@id":"https:\/\/www.solutiondair.com\/fr\/#\/schema\/person\/2b72cf51f05e0495ac32372ecd6b27ba"},"headline":"Coronavirus\u202f: existe-t-il un lien entre la qualit\u00e9 de l\u2019air et les virus respiratoires\u2009?","datePublished":"2020-04-07T12:46:33+00:00","dateModified":"2024-01-02T15:35:21+00:00","mainEntityOfPage":{"@id":"https:\/\/www.solutiondair.com\/fr\/coronavirus-existe-t-il-un-lien-entre-la-qualite-de-lair-et-les-virus-respiratoires\/"},"wordCount":923,"publisher":{"@id":"https:\/\/www.solutiondair.com\/fr\/#organization"},"image":{"@id":"https:\/\/www.solutiondair.com\/fr\/coronavirus-existe-t-il-un-lien-entre-la-qualite-de-lair-et-les-virus-respiratoires\/#primaryimage"},"thumbnailUrl":"https:\/\/www.solutiondair.com\/wp-content\/uploads\/2019\/08\/duct-avant-apres-img.jpg","articleSection":["Non classifi\u00e9(e)"],"inLanguage":"fr-FR"},{"@type":"WebPage","@id":"https:\/\/www.solutiondair.com\/fr\/coronavirus-existe-t-il-un-lien-entre-la-qualite-de-lair-et-les-virus-respiratoires\/","url":"https:\/\/www.solutiondair.com\/fr\/coronavirus-existe-t-il-un-lien-entre-la-qualite-de-lair-et-les-virus-respiratoires\/","name":"Coronavirus\u202f: existe-t-il un lien entre la qualit\u00e9 de l\u2019air et les virus respiratoires\u2009? - Solution D&#039;air","isPartOf":{"@id":"https:\/\/www.solutiondair.com\/fr\/#website"},"primaryImageOfPage":{"@id":"https:\/\/www.solutiondair.com\/fr\/coronavirus-existe-t-il-un-lien-entre-la-qualite-de-lair-et-les-virus-respiratoires\/#primaryimage"},"image":{"@id":"https:\/\/www.solutiondair.com\/fr\/coronavirus-existe-t-il-un-lien-entre-la-qualite-de-lair-et-les-virus-respiratoires\/#primaryimage"},"thumbnailUrl":"https:\/\/www.solutiondair.com\/wp-content\/uploads\/2019\/08\/duct-avant-apres-img.jpg","datePublished":"2020-04-07T12:46:33+00:00","dateModified":"2024-01-02T15:35:21+00:00","breadcrumb":{"@id":"https:\/\/www.solutiondair.com\/fr\/coronavirus-existe-t-il-un-lien-entre-la-qualite-de-lair-et-les-virus-respiratoires\/#breadcrumb"},"inLanguage":"fr-FR","potentialAction":[{"@type":"ReadAction","target":["https:\/\/www.solutiondair.com\/fr\/coronavirus-existe-t-il-un-lien-entre-la-qualite-de-lair-et-les-virus-respiratoires\/"]}]},{"@type":"ImageObject","inLanguage":"fr-FR","@id":"https:\/\/www.solutiondair.com\/fr\/coronavirus-existe-t-il-un-lien-entre-la-qualite-de-lair-et-les-virus-respiratoires\/#primaryimage","url":"https:\/\/www.solutiondair.com\/wp-content\/uploads\/2019\/08\/duct-avant-apres-img.jpg","contentUrl":"https:\/\/www.solutiondair.com\/wp-content\/uploads\/2019\/08\/duct-avant-apres-img.jpg","width":415,"height":438,"caption":"Coronavirus\u202f: existe-t-il un lien entre la qualit\u00e9 de l\u2019air et les virus respiratoires\u2009?"},{"@type":"BreadcrumbList","@id":"https:\/\/www.solutiondair.com\/fr\/coronavirus-existe-t-il-un-lien-entre-la-qualite-de-lair-et-les-virus-respiratoires\/#breadcrumb","itemListElement":[{"@type":"ListItem","position":1,"name":"Home","item":"https:\/\/www.solutiondair.com\/fr\/"},{"@type":"ListItem","position":2,"name":"Coronavirus\u202f: existe-t-il un lien entre la qualit\u00e9 de l\u2019air et les virus respiratoires\u2009?"}]},{"@type":"WebSite","@id":"https:\/\/www.solutiondair.com\/fr\/#website","url":"https:\/\/www.solutiondair.com\/fr\/","name":"Solution D&#039;air","description":"","publisher":{"@id":"https:\/\/www.solutiondair.com\/fr\/#organization"},"potentialAction":[{"@type":"SearchAction","target":{"@type":"EntryPoint","urlTemplate":"https:\/\/www.solutiondair.com\/fr\/?s={search_term_string}"},"query-input":{"@type":"PropertyValueSpecification","valueRequired":true,"valueName":"search_term_string"}}],"inLanguage":"fr-FR"},{"@type":"Organization","@id":"https:\/\/www.solutiondair.com\/fr\/#organization","name":"Solution D&#039;air","url":"https:\/\/www.solutiondair.com\/fr\/","logo":{"@type":"ImageObject","inLanguage":"fr-FR","@id":"https:\/\/www.solutiondair.com\/fr\/#\/schema\/logo\/image\/","url":"https:\/\/www.solutiondair.com\/wp-content\/uploads\/2019\/08\/logo.png","contentUrl":"https:\/\/www.solutiondair.com\/wp-content\/uploads\/2019\/08\/logo.png","width":326,"height":130,"caption":"Solution D&#039;air"},"image":{"@id":"https:\/\/www.solutiondair.com\/fr\/#\/schema\/logo\/image\/"}},{"@type":"Person","@id":"https:\/\/www.solutiondair.com\/fr\/#\/schema\/person\/2b72cf51f05e0495ac32372ecd6b27ba","name":"admin","url":"https:\/\/www.solutiondair.com\/fr\/author\/yweb_admin\/"}]}},"_links":{"self":[{"href":"https:\/\/www.solutiondair.com\/fr\/wp-json\/wp\/v2\/posts\/223","targetHints":{"allow":["GET"]}}],"collection":[{"href":"https:\/\/www.solutiondair.com\/fr\/wp-json\/wp\/v2\/posts"}],"about":[{"href":"https:\/\/www.solutiondair.com\/fr\/wp-json\/wp\/v2\/types\/post"}],"author":[{"embeddable":true,"href":"https:\/\/www.solutiondair.com\/fr\/wp-json\/wp\/v2\/users\/1"}],"replies":[{"embeddable":true,"href":"https:\/\/www.solutiondair.com\/fr\/wp-json\/wp\/v2\/comments?post=223"}],"version-history":[{"count":3,"href":"https:\/\/www.solutiondair.com\/fr\/wp-json\/wp\/v2\/posts\/223\/revisions"}],"predecessor-version":[{"id":227,"href":"https:\/\/www.solutiondair.com\/fr\/wp-json\/wp\/v2\/posts\/223\/revisions\/227"}],"wp:featuredmedia":[{"embeddable":true,"href":"https:\/\/www.solutiondair.com\/fr\/wp-json\/wp\/v2\/media\/59"}],"wp:attachment":[{"href":"https:\/\/www.solutiondair.com\/fr\/wp-json\/wp\/v2\/media?parent=223"}],"wp:term":[{"taxonomy":"category","embeddable":true,"href":"https:\/\/www.solutiondair.com\/fr\/wp-json\/wp\/v2\/categories?post=223"},{"taxonomy":"post_tag","embeddable":true,"href":"https:\/\/www.solutiondair.com\/fr\/wp-json\/wp\/v2\/tags?post=223"}],"curies":[{"name":"wp","href":"https:\/\/api.w.org\/{rel}","templated":true}]}}