{"id":595,"date":"2022-01-28T13:06:32","date_gmt":"2022-01-28T18:06:32","guid":{"rendered":"https:\/\/www.solutiondair.com\/?p=595"},"modified":"2024-01-02T10:35:24","modified_gmt":"2024-01-02T15:35:24","slug":"quel-est-le-cout-rattache-a-chaque-degre-de-chauffage","status":"publish","type":"post","link":"https:\/\/www.solutiondair.com\/fr\/quel-est-le-cout-rattache-a-chaque-degre-de-chauffage\/","title":{"rendered":"Quel est le co\u00fbt rattach\u00e9 \u00e0 chaque degr\u00e9 de chauffage?"},"content":{"rendered":"<p class=\"western\" align=\"justify\"><span style=\"color: #201f1e;\"><span style=\"font-family: Segoe UI, serif;\"><span style=\"font-size: medium;\">Pendant les p\u00e9riodes de grands froids, il est tout \u00e0 fait l\u00e9gitime de se questionner sur nos co\u00fbts de chauffage. \u00c9videmment, l\u2019hiver est la p\u00e9riode ou le syst\u00e8me de chauffage fonctionne \u00e0 plein r\u00e9gime. S\u2019il est aliment\u00e9 par \u00e9lectricit\u00e9, il est tout \u00e0 fait normal que votre facture soit plus \u00e9lev\u00e9e. De plus, pour un m\u00eame type d\u2019habitation, la consommation qui est li\u00e9e au chauffage diff\u00e8re d\u2019une r\u00e9gion \u00e0 l\u2019autre. Par exemple, comme l\u2019hiver est plus long et plus \u00e0 froid \u00e0 Rouyn-Noranda, le chauffage sera n\u00e9cessairement \u00e9galement plus on\u00e9reux. Donc m\u00eame si vous ne touchez pas \u00e0 votre thermostat, la facture sera plus co\u00fbteuse l\u2019hiver puisque votre syst\u00e8me de chauffage devra travailler beaucoup plus pour maintenir la m\u00eame temp\u00e9rature, celle qui vous assure un minimum de confort pendant les grands froids. L\u2019article de blogue suivant tentera de r\u00e9pondre \u00e0 certaines de vos questions en lien avec les co\u00fbts associ\u00e9s \u00e0 l\u2019augmentation ou \u00e0 la baisse de votre chauffage. <\/span><\/span><\/span><\/p>\n<p class=\"western\" align=\"justify\"><span style=\"color: #201f1e;\"><span style=\"font-family: Segoe UI, serif;\"><span style=\"font-size: medium;\"><b>Facturation de l\u2019\u00e9nergie<\/b><\/span><\/span><\/span><\/p>\n<p class=\"western\" align=\"justify\"><span style=\"color: #201f1e;\"><span style=\"font-family: Segoe UI, serif;\"><span style=\"font-size: medium;\">Au Qu\u00e9bec, la facture d\u2019\u00e9nergie est bas\u00e9e sur la consommation totale pendant une p\u00e9riode vis\u00e9e. Par exemple, si votre p\u00e9riode de consommation est de 62 jours, vous avez droit \u00e0 2 480 kWh au prix de la premi\u00e8re tranche, c\u2019est-\u00e0-dire au tarif de 6,159 \u00a2\/kWh pour l\u2019\u00e9quivalent de 40 kilowattheures par jour. Si vous exc\u00e9dez cette d\u00e9pense \u00e9nerg\u00e9tique, le reste vous sera factur\u00e9 au prix de la deuxi\u00e8me tranche qui est de 9,502 \u00a2\/kWh. Il s\u2019agit ici des tarifs actuellement en vigueur s\u2019appliquant g\u00e9n\u00e9ralement \u00e0 un usage domestique, soit \u00e0 l\u2019utilisation de l\u2019\u00e9lectricit\u00e9 dans une habitation. Diminuez la temp\u00e9rature de seulement un degr\u00e9 Celsius et vous pourriez r\u00e9duire de 5 \u00e0 7 % vos co\u00fbts de chauffage. C\u2019est donc dire que pass\u00e9 une certaine d\u00e9pense \u00e9nerg\u00e9tique votre \u00e9lectricit\u00e9 vous co\u00fbte plus cher. Il est donc important d\u2019\u00e9conomiser l\u2019\u00e9nergie pour s\u2019assurer que sa facture ne soit pas trop co\u00fbteuse.<\/span><\/span><\/span><\/p>\n<p class=\"western\" align=\"justify\"><span style=\"color: #201f1e;\"><span style=\"font-family: Segoe UI, serif;\"><span style=\"font-size: medium;\"><b>Comment r\u00e9duire sa facture en hiver?<\/b><\/span><\/span><\/span><\/p>\n<p class=\"western\" align=\"justify\"><a name=\"_GoBack\"><\/a> <span style=\"color: #201f1e;\"><span style=\"font-family: Segoe UI, serif;\"><span style=\"font-size: medium;\">Afin de r\u00e9duire vos co\u00fbts de chauffage, plusieurs solutions existent. Il faut d\u2019abord s\u2019attaquer aux fuites d\u2019air. En effet, la r\u00e9duction des fuites d\u2019air et l\u2019isolation thermique auront une forte influence sur votre facture totale. Les fuites d\u2019air chaud et l\u2019infiltration de l\u2019air froid repr\u00e9sentent 25% des pertes de chaleur totale. En pr\u00e9vision de l\u2019hiver, il est donc recommand\u00e9 de calfeutrer les fen\u00eatres et les portes et d\u2019installer des coupe-froids. <\/span><\/span><\/span><\/p>\n<p class=\"western\" align=\"justify\"><span style=\"color: #201f1e;\"><span style=\"font-family: Segoe UI, serif;\"><span style=\"font-size: medium;\">Vous pouvez \u00e9galement installer des pellicules plastiques thermo r\u00e9tractables amovibles sur les fen\u00eatres quand vous sentez des infiltrations d\u2019air. En plus de r\u00e9duire les fuites autour des ch\u00e2ssis, ces pellicules permettent de r\u00e9duire les pertes de chaleur \u00e0 travers le vitrage en cr\u00e9ant un espace d\u2019air. Les fuites de chaleurs et infiltrations d\u2019air froid se produisent \u00e9galement par les cache-prises. C\u2019est donc une bonne id\u00e9e d\u2019installer des coussins en mousse entre la plaque et le boitier des prises de courant et des interrupteurs afin de r\u00e9duire les pertes de chaleur via les murs ext\u00e9rieurs. N\u2019oubliez pas non plus de colmater le pourtour des tuyaux et des sorties de conduits de ventilation. <\/span><\/span><\/span><\/p>\n<p class=\"western\" align=\"justify\"><span style=\"color: #201f1e;\"><span style=\"font-family: Segoe UI, serif;\"><span style=\"font-size: medium;\">Le nettoyage des clapets de sorties ext\u00e9rieurs des appareils d\u2019extraction d\u2019air est \u00e9galement tr\u00e8s important. Nous parlons des hottes de cuisini\u00e8res, des ventilateurs d\u2019extraction de salles de bain, des sorties des \u00e9changeurs d\u2019air et des s\u00e9cheuses de mani\u00e8re \u00e0 ce qu\u2019ils puissent fonctionner \u00e0 leur pleine capacit\u00e9. Il est peut-\u00eatre \u00e9galement temps de les remplacer par des mod\u00e8les plus r\u00e9cents et performants. Si ces conduits ne sont pas nettoy\u00e9s ad\u00e9quatement, les appareils devront travailler beaucoup plus fort pour un m\u00eame r\u00e9sultat et votre facture s\u2019en ressentira.<\/span><\/span><\/span><\/p>\n<p class=\"western\" align=\"justify\"><span style=\"color: #201f1e;\"><span style=\"font-family: Segoe UI, serif;\"><span style=\"font-size: medium;\">Si vous pensez que vos tuyaux auraient besoin d\u2019un bon nettoyage pour faire un travail efficace, n\u2019h\u00e9sitez pas \u00e0 <a href=\"https:\/\/www.solutiondair.com\/fr\/contact\/\">contacter des professionnels<\/a>. Ils seront heureux de faire le travail pour vous.<\/span><\/span><\/span><\/p>\n","protected":false},"excerpt":{"rendered":"<p>Pendant les p\u00e9riodes de grands froids, il est tout \u00e0 fait l\u00e9gitime de se questionner sur nos co\u00fbts de chauffage. \u00c9videmment, l\u2019hiver est la p\u00e9riode ou le syst\u00e8me de chauffage fonctionne \u00e0 plein r\u00e9gime. S\u2019il est aliment\u00e9 par \u00e9lectricit\u00e9, il est tout \u00e0 fait normal que votre facture soit plus \u00e9lev\u00e9e. De plus, pour un [&hellip;]<\/p>\n","protected":false},"author":1,"featured_media":596,"comment_status":"closed","ping_status":"open","sticky":false,"template":"","format":"standard","meta":{"footnotes":""},"categories":[15],"tags":[10,23,11],"class_list":["post-595","post","type-post","status-publish","format-standard","has-post-thumbnail","hentry","category-article-de-blogue","tag-air-interieur","tag-chauffage","tag-systeme-de-ventilation"],"yoast_head":"<!-- This site is optimized with the Yoast SEO plugin v26.1.1 - https:\/\/yoast.com\/wordpress\/plugins\/seo\/ -->\n<title>Quel est le co\u00fbt rattach\u00e9 \u00e0 chaque degr\u00e9 de chauffage? - Solution D&#039;air<\/title>\n<meta name=\"robots\" content=\"index, follow, max-snippet:-1, max-image-preview:large, max-video-preview:-1\" \/>\n<link rel=\"canonical\" href=\"https:\/\/www.solutiondair.com\/fr\/quel-est-le-cout-rattache-a-chaque-degre-de-chauffage\/\" \/>\n<meta property=\"og:locale\" content=\"fr_FR\" \/>\n<meta property=\"og:type\" content=\"article\" \/>\n<meta property=\"og:title\" content=\"Quel est le co\u00fbt rattach\u00e9 \u00e0 chaque degr\u00e9 de chauffage? - Solution D&#039;air\" \/>\n<meta property=\"og:description\" content=\"Pendant les p\u00e9riodes de grands froids, il est tout \u00e0 fait l\u00e9gitime de se questionner sur nos co\u00fbts de chauffage. \u00c9videmment, l\u2019hiver est la p\u00e9riode ou le syst\u00e8me de chauffage fonctionne \u00e0 plein r\u00e9gime. S\u2019il est aliment\u00e9 par \u00e9lectricit\u00e9, il est tout \u00e0 fait normal que votre facture soit plus \u00e9lev\u00e9e. De plus, pour un [&hellip;]\" \/>\n<meta property=\"og:url\" content=\"https:\/\/www.solutiondair.com\/fr\/quel-est-le-cout-rattache-a-chaque-degre-de-chauffage\/\" \/>\n<meta property=\"og:site_name\" content=\"Solution D&#039;air\" \/>\n<meta property=\"article:published_time\" content=\"2022-01-28T18:06:32+00:00\" \/>\n<meta property=\"article:modified_time\" content=\"2024-01-02T15:35:24+00:00\" \/>\n<meta property=\"og:image\" content=\"https:\/\/www.solutiondair.com\/wp-content\/uploads\/2021\/12\/Depositphotos_142432289_XL-scaled.jpg\" \/>\n\t<meta property=\"og:image:width\" content=\"2560\" \/>\n\t<meta property=\"og:image:height\" content=\"1707\" \/>\n\t<meta property=\"og:image:type\" content=\"image\/jpeg\" \/>\n<meta name=\"author\" content=\"admin\" \/>\n<meta name=\"twitter:card\" content=\"summary_large_image\" \/>\n<meta name=\"twitter:label1\" content=\"\u00c9crit par\" \/>\n\t<meta name=\"twitter:data1\" content=\"admin\" \/>\n\t<meta name=\"twitter:label2\" content=\"Dur\u00e9e de lecture estim\u00e9e\" \/>\n\t<meta name=\"twitter:data2\" content=\"3 minutes\" \/>\n<script type=\"application\/ld+json\" class=\"yoast-schema-graph\">{\"@context\":\"https:\/\/schema.org\",\"@graph\":[{\"@type\":\"Article\",\"@id\":\"https:\/\/www.solutiondair.com\/fr\/quel-est-le-cout-rattache-a-chaque-degre-de-chauffage\/#article\",\"isPartOf\":{\"@id\":\"https:\/\/www.solutiondair.com\/fr\/quel-est-le-cout-rattache-a-chaque-degre-de-chauffage\/\"},\"author\":{\"name\":\"admin\",\"@id\":\"https:\/\/www.solutiondair.com\/fr\/#\/schema\/person\/2b72cf51f05e0495ac32372ecd6b27ba\"},\"headline\":\"Quel est le co\u00fbt rattach\u00e9 \u00e0 chaque degr\u00e9 de chauffage?\",\"datePublished\":\"2022-01-28T18:06:32+00:00\",\"dateModified\":\"2024-01-02T15:35:24+00:00\",\"mainEntityOfPage\":{\"@id\":\"https:\/\/www.solutiondair.com\/fr\/quel-est-le-cout-rattache-a-chaque-degre-de-chauffage\/\"},\"wordCount\":711,\"publisher\":{\"@id\":\"https:\/\/www.solutiondair.com\/fr\/#organization\"},\"image\":{\"@id\":\"https:\/\/www.solutiondair.com\/fr\/quel-est-le-cout-rattache-a-chaque-degre-de-chauffage\/#primaryimage\"},\"thumbnailUrl\":\"https:\/\/www.solutiondair.com\/wp-content\/uploads\/2021\/12\/Depositphotos_142432289_XL-scaled.jpg\",\"keywords\":[\"air interieur\",\"chauffage\",\"syst\u00e8me de ventilation\"],\"articleSection\":[\"Article de blogue\"],\"inLanguage\":\"fr-FR\"},{\"@type\":\"WebPage\",\"@id\":\"https:\/\/www.solutiondair.com\/fr\/quel-est-le-cout-rattache-a-chaque-degre-de-chauffage\/\",\"url\":\"https:\/\/www.solutiondair.com\/fr\/quel-est-le-cout-rattache-a-chaque-degre-de-chauffage\/\",\"name\":\"Quel est le co\u00fbt rattach\u00e9 \u00e0 chaque degr\u00e9 de chauffage? - Solution D&#039;air\",\"isPartOf\":{\"@id\":\"https:\/\/www.solutiondair.com\/fr\/#website\"},\"primaryImageOfPage\":{\"@id\":\"https:\/\/www.solutiondair.com\/fr\/quel-est-le-cout-rattache-a-chaque-degre-de-chauffage\/#primaryimage\"},\"image\":{\"@id\":\"https:\/\/www.solutiondair.com\/fr\/quel-est-le-cout-rattache-a-chaque-degre-de-chauffage\/#primaryimage\"},\"thumbnailUrl\":\"https:\/\/www.solutiondair.com\/wp-content\/uploads\/2021\/12\/Depositphotos_142432289_XL-scaled.jpg\",\"datePublished\":\"2022-01-28T18:06:32+00:00\",\"dateModified\":\"2024-01-02T15:35:24+00:00\",\"breadcrumb\":{\"@id\":\"https:\/\/www.solutiondair.com\/fr\/quel-est-le-cout-rattache-a-chaque-degre-de-chauffage\/#breadcrumb\"},\"inLanguage\":\"fr-FR\",\"potentialAction\":[{\"@type\":\"ReadAction\",\"target\":[\"https:\/\/www.solutiondair.com\/fr\/quel-est-le-cout-rattache-a-chaque-degre-de-chauffage\/\"]}]},{\"@type\":\"ImageObject\",\"inLanguage\":\"fr-FR\",\"@id\":\"https:\/\/www.solutiondair.com\/fr\/quel-est-le-cout-rattache-a-chaque-degre-de-chauffage\/#primaryimage\",\"url\":\"https:\/\/www.solutiondair.com\/wp-content\/uploads\/2021\/12\/Depositphotos_142432289_XL-scaled.jpg\",\"contentUrl\":\"https:\/\/www.solutiondair.com\/wp-content\/uploads\/2021\/12\/Depositphotos_142432289_XL-scaled.jpg\",\"width\":2560,\"height\":1707,\"caption\":\"Close-up Of A Woman Hand Inserting Coin In Piggybank On Radiator At Home\"},{\"@type\":\"BreadcrumbList\",\"@id\":\"https:\/\/www.solutiondair.com\/fr\/quel-est-le-cout-rattache-a-chaque-degre-de-chauffage\/#breadcrumb\",\"itemListElement\":[{\"@type\":\"ListItem\",\"position\":1,\"name\":\"Home\",\"item\":\"https:\/\/www.solutiondair.com\/fr\/\"},{\"@type\":\"ListItem\",\"position\":2,\"name\":\"Quel est le co\u00fbt rattach\u00e9 \u00e0 chaque degr\u00e9 de chauffage?\"}]},{\"@type\":\"WebSite\",\"@id\":\"https:\/\/www.solutiondair.com\/fr\/#website\",\"url\":\"https:\/\/www.solutiondair.com\/fr\/\",\"name\":\"Solution D&#039;air\",\"description\":\"\",\"publisher\":{\"@id\":\"https:\/\/www.solutiondair.com\/fr\/#organization\"},\"potentialAction\":[{\"@type\":\"SearchAction\",\"target\":{\"@type\":\"EntryPoint\",\"urlTemplate\":\"https:\/\/www.solutiondair.com\/fr\/?s={search_term_string}\"},\"query-input\":{\"@type\":\"PropertyValueSpecification\",\"valueRequired\":true,\"valueName\":\"search_term_string\"}}],\"inLanguage\":\"fr-FR\"},{\"@type\":\"Organization\",\"@id\":\"https:\/\/www.solutiondair.com\/fr\/#organization\",\"name\":\"Solution D&#039;air\",\"url\":\"https:\/\/www.solutiondair.com\/fr\/\",\"logo\":{\"@type\":\"ImageObject\",\"inLanguage\":\"fr-FR\",\"@id\":\"https:\/\/www.solutiondair.com\/fr\/#\/schema\/logo\/image\/\",\"url\":\"https:\/\/www.solutiondair.com\/wp-content\/uploads\/2019\/08\/logo.png\",\"contentUrl\":\"https:\/\/www.solutiondair.com\/wp-content\/uploads\/2019\/08\/logo.png\",\"width\":326,\"height\":130,\"caption\":\"Solution D&#039;air\"},\"image\":{\"@id\":\"https:\/\/www.solutiondair.com\/fr\/#\/schema\/logo\/image\/\"}},{\"@type\":\"Person\",\"@id\":\"https:\/\/www.solutiondair.com\/fr\/#\/schema\/person\/2b72cf51f05e0495ac32372ecd6b27ba\",\"name\":\"admin\",\"url\":\"https:\/\/www.solutiondair.com\/fr\/author\/yweb_admin\/\"}]}<\/script>\n<!-- \/ Yoast SEO plugin. -->","yoast_head_json":{"title":"Quel est le co\u00fbt rattach\u00e9 \u00e0 chaque degr\u00e9 de chauffage? - Solution D&#039;air","robots":{"index":"index","follow":"follow","max-snippet":"max-snippet:-1","max-image-preview":"max-image-preview:large","max-video-preview":"max-video-preview:-1"},"canonical":"https:\/\/www.solutiondair.com\/fr\/quel-est-le-cout-rattache-a-chaque-degre-de-chauffage\/","og_locale":"fr_FR","og_type":"article","og_title":"Quel est le co\u00fbt rattach\u00e9 \u00e0 chaque degr\u00e9 de chauffage? - Solution D&#039;air","og_description":"Pendant les p\u00e9riodes de grands froids, il est tout \u00e0 fait l\u00e9gitime de se questionner sur nos co\u00fbts de chauffage. \u00c9videmment, l\u2019hiver est la p\u00e9riode ou le syst\u00e8me de chauffage fonctionne \u00e0 plein r\u00e9gime. S\u2019il est aliment\u00e9 par \u00e9lectricit\u00e9, il est tout \u00e0 fait normal que votre facture soit plus \u00e9lev\u00e9e. De plus, pour un [&hellip;]","og_url":"https:\/\/www.solutiondair.com\/fr\/quel-est-le-cout-rattache-a-chaque-degre-de-chauffage\/","og_site_name":"Solution D&#039;air","article_published_time":"2022-01-28T18:06:32+00:00","article_modified_time":"2024-01-02T15:35:24+00:00","og_image":[{"width":2560,"height":1707,"url":"https:\/\/www.solutiondair.com\/wp-content\/uploads\/2021\/12\/Depositphotos_142432289_XL-scaled.jpg","type":"image\/jpeg"}],"author":"admin","twitter_card":"summary_large_image","twitter_misc":{"\u00c9crit par":"admin","Dur\u00e9e de lecture estim\u00e9e":"3 minutes"},"schema":{"@context":"https:\/\/schema.org","@graph":[{"@type":"Article","@id":"https:\/\/www.solutiondair.com\/fr\/quel-est-le-cout-rattache-a-chaque-degre-de-chauffage\/#article","isPartOf":{"@id":"https:\/\/www.solutiondair.com\/fr\/quel-est-le-cout-rattache-a-chaque-degre-de-chauffage\/"},"author":{"name":"admin","@id":"https:\/\/www.solutiondair.com\/fr\/#\/schema\/person\/2b72cf51f05e0495ac32372ecd6b27ba"},"headline":"Quel est le co\u00fbt rattach\u00e9 \u00e0 chaque degr\u00e9 de chauffage?","datePublished":"2022-01-28T18:06:32+00:00","dateModified":"2024-01-02T15:35:24+00:00","mainEntityOfPage":{"@id":"https:\/\/www.solutiondair.com\/fr\/quel-est-le-cout-rattache-a-chaque-degre-de-chauffage\/"},"wordCount":711,"publisher":{"@id":"https:\/\/www.solutiondair.com\/fr\/#organization"},"image":{"@id":"https:\/\/www.solutiondair.com\/fr\/quel-est-le-cout-rattache-a-chaque-degre-de-chauffage\/#primaryimage"},"thumbnailUrl":"https:\/\/www.solutiondair.com\/wp-content\/uploads\/2021\/12\/Depositphotos_142432289_XL-scaled.jpg","keywords":["air interieur","chauffage","syst\u00e8me de ventilation"],"articleSection":["Article de blogue"],"inLanguage":"fr-FR"},{"@type":"WebPage","@id":"https:\/\/www.solutiondair.com\/fr\/quel-est-le-cout-rattache-a-chaque-degre-de-chauffage\/","url":"https:\/\/www.solutiondair.com\/fr\/quel-est-le-cout-rattache-a-chaque-degre-de-chauffage\/","name":"Quel est le co\u00fbt rattach\u00e9 \u00e0 chaque degr\u00e9 de chauffage? - Solution D&#039;air","isPartOf":{"@id":"https:\/\/www.solutiondair.com\/fr\/#website"},"primaryImageOfPage":{"@id":"https:\/\/www.solutiondair.com\/fr\/quel-est-le-cout-rattache-a-chaque-degre-de-chauffage\/#primaryimage"},"image":{"@id":"https:\/\/www.solutiondair.com\/fr\/quel-est-le-cout-rattache-a-chaque-degre-de-chauffage\/#primaryimage"},"thumbnailUrl":"https:\/\/www.solutiondair.com\/wp-content\/uploads\/2021\/12\/Depositphotos_142432289_XL-scaled.jpg","datePublished":"2022-01-28T18:06:32+00:00","dateModified":"2024-01-02T15:35:24+00:00","breadcrumb":{"@id":"https:\/\/www.solutiondair.com\/fr\/quel-est-le-cout-rattache-a-chaque-degre-de-chauffage\/#breadcrumb"},"inLanguage":"fr-FR","potentialAction":[{"@type":"ReadAction","target":["https:\/\/www.solutiondair.com\/fr\/quel-est-le-cout-rattache-a-chaque-degre-de-chauffage\/"]}]},{"@type":"ImageObject","inLanguage":"fr-FR","@id":"https:\/\/www.solutiondair.com\/fr\/quel-est-le-cout-rattache-a-chaque-degre-de-chauffage\/#primaryimage","url":"https:\/\/www.solutiondair.com\/wp-content\/uploads\/2021\/12\/Depositphotos_142432289_XL-scaled.jpg","contentUrl":"https:\/\/www.solutiondair.com\/wp-content\/uploads\/2021\/12\/Depositphotos_142432289_XL-scaled.jpg","width":2560,"height":1707,"caption":"Close-up Of A Woman Hand Inserting Coin In Piggybank On Radiator At Home"},{"@type":"BreadcrumbList","@id":"https:\/\/www.solutiondair.com\/fr\/quel-est-le-cout-rattache-a-chaque-degre-de-chauffage\/#breadcrumb","itemListElement":[{"@type":"ListItem","position":1,"name":"Home","item":"https:\/\/www.solutiondair.com\/fr\/"},{"@type":"ListItem","position":2,"name":"Quel est le co\u00fbt rattach\u00e9 \u00e0 chaque degr\u00e9 de chauffage?"}]},{"@type":"WebSite","@id":"https:\/\/www.solutiondair.com\/fr\/#website","url":"https:\/\/www.solutiondair.com\/fr\/","name":"Solution D&#039;air","description":"","publisher":{"@id":"https:\/\/www.solutiondair.com\/fr\/#organization"},"potentialAction":[{"@type":"SearchAction","target":{"@type":"EntryPoint","urlTemplate":"https:\/\/www.solutiondair.com\/fr\/?s={search_term_string}"},"query-input":{"@type":"PropertyValueSpecification","valueRequired":true,"valueName":"search_term_string"}}],"inLanguage":"fr-FR"},{"@type":"Organization","@id":"https:\/\/www.solutiondair.com\/fr\/#organization","name":"Solution D&#039;air","url":"https:\/\/www.solutiondair.com\/fr\/","logo":{"@type":"ImageObject","inLanguage":"fr-FR","@id":"https:\/\/www.solutiondair.com\/fr\/#\/schema\/logo\/image\/","url":"https:\/\/www.solutiondair.com\/wp-content\/uploads\/2019\/08\/logo.png","contentUrl":"https:\/\/www.solutiondair.com\/wp-content\/uploads\/2019\/08\/logo.png","width":326,"height":130,"caption":"Solution D&#039;air"},"image":{"@id":"https:\/\/www.solutiondair.com\/fr\/#\/schema\/logo\/image\/"}},{"@type":"Person","@id":"https:\/\/www.solutiondair.com\/fr\/#\/schema\/person\/2b72cf51f05e0495ac32372ecd6b27ba","name":"admin","url":"https:\/\/www.solutiondair.com\/fr\/author\/yweb_admin\/"}]}},"_links":{"self":[{"href":"https:\/\/www.solutiondair.com\/fr\/wp-json\/wp\/v2\/posts\/595","targetHints":{"allow":["GET"]}}],"collection":[{"href":"https:\/\/www.solutiondair.com\/fr\/wp-json\/wp\/v2\/posts"}],"about":[{"href":"https:\/\/www.solutiondair.com\/fr\/wp-json\/wp\/v2\/types\/post"}],"author":[{"embeddable":true,"href":"https:\/\/www.solutiondair.com\/fr\/wp-json\/wp\/v2\/users\/1"}],"replies":[{"embeddable":true,"href":"https:\/\/www.solutiondair.com\/fr\/wp-json\/wp\/v2\/comments?post=595"}],"version-history":[{"count":3,"href":"https:\/\/www.solutiondair.com\/fr\/wp-json\/wp\/v2\/posts\/595\/revisions"}],"predecessor-version":[{"id":613,"href":"https:\/\/www.solutiondair.com\/fr\/wp-json\/wp\/v2\/posts\/595\/revisions\/613"}],"wp:featuredmedia":[{"embeddable":true,"href":"https:\/\/www.solutiondair.com\/fr\/wp-json\/wp\/v2\/media\/596"}],"wp:attachment":[{"href":"https:\/\/www.solutiondair.com\/fr\/wp-json\/wp\/v2\/media?parent=595"}],"wp:term":[{"taxonomy":"category","embeddable":true,"href":"https:\/\/www.solutiondair.com\/fr\/wp-json\/wp\/v2\/categories?post=595"},{"taxonomy":"post_tag","embeddable":true,"href":"https:\/\/www.solutiondair.com\/fr\/wp-json\/wp\/v2\/tags?post=595"}],"curies":[{"name":"wp","href":"https:\/\/api.w.org\/{rel}","templated":true}]}}